{"id":34760,"date":"2020-03-24T12:33:34","date_gmt":"2020-03-24T11:33:34","guid":{"rendered":"https:\/\/www.ideiakbizirik.com\/2020\/03\/24\/jarduera-uzteagatiko-aparteko-prestazioa_covid-19\/"},"modified":"2020-03-24T12:33:34","modified_gmt":"2020-03-24T12:33:34","slug":"jarduera-uzteagatiko-aparteko-prestazioa_covid-19","status":"publish","type":"post","link":"https:\/\/www.ideiakbizirik.com\/eu\/2020\/03\/24\/jarduera-uzteagatiko-aparteko-prestazioa_covid-19\/","title":{"rendered":"Jarduera uzteagatiko aparteko prestazioa_COVID-19"},"content":{"rendered":"<table width=\"100%\" cellspacing=\"0\" cellpadding=\"4\">\n<tbody>\n<tr>\n<td valign=\"top\" bgcolor=\"#fff9ae\" width=\"100%\">\n<p align=\"center\"><b><a title=\"Escudo de Espa\u00f1a junto al logo del Ministerio de Inclusi\u00f3n, Seguridad Social y Migraciones con enlace a su p\u00e1gina web. Enlace en nueva ventana.\" href=\"http:\/\/www.mitramiss.gob.es\/\" target=\"_blank\" rel=\"noopener\"><img decoding=\"async\" class=\"only-lrg alignleft\" src=\"http:\/\/www.seg-social.es\/wps\/contenthandler\/wss\/!ut\/p\/digest!I09QqdexEzXA4cnnhWD_QQ\/war\/POINThemeStatic\/themes\/Portal8.5\/css\/img\/logo-institucional.png\" alt=\"Escudo de Espa\u00f1a junto al logo del Ministerio de Inclusi\u00f3n, Seguridad Social y Migraciones con enlace a su p\u00e1gina web. Enlace en nueva ventana.\" \/><\/a>PRESTACI\u00d3N EXTRAORDINARIA POR CESE DE ACTIVIDAD PARA TRABAJADORES\/AS AUTONOMAS\/AS AFECTADOS POR DECLARACI\u00d3N DEL ESTADO DE ALARMA<\/b><\/p>\n<\/td>\n<\/tr>\n<\/tbody>\n<\/table>\n<p><b>\u00bfQU\u00c9 PERSONAS TIENEN DERECHO A LA PRESTACI\u00d3N POR CESE TEMPORAL DE ACTIVIDAD? <\/b><\/p>\n<p>Los trabajadores aut\u00f3nomos, tambi\u00e9n los aut\u00f3nomos societarios, cuyas actividades hayan quedado suspendidas seg\u00fan lo establecido en el art\u00edculo 10 del Real Decreto 463\/2020, de 14 de marzo o aquellos trabajadores aut\u00f3nomos cuya facturaci\u00f3n en el mes anterior de solicitud se haya visto reducida al menos un 75% en relaci\u00f3n al promedio del semestre anterior.<\/p>\n<p>Los socios\/as trabajadores\/as de las cooperativas de trabajo asociado que hayan optado por su encuadramiento como trabajadores por cuenta propia en el r\u00e9gimen especial que corresponda tendr\u00e1n derecho igualmente a esta prestaci\u00f3n extraordinaria, siempre que re\u00fanan los requisitos establecidos en este art\u00edculo..<\/p>\n<p><b>DURACI\u00d3N DE LA PRESTACI\u00d3N<\/b><\/p>\n<p>Durante un mes desde la entrada en vigor del RD 463\/2020 de 14 de marzo por el que se declara el estado de alarma o hasta el \u00faltimo d\u00eda del mes en que finalice el estado si dura m\u00e1s de un mes. Durante este tiempo, se cotiza y no se reducen los periodos de prestaci\u00f3n por cese de actividades a los que el beneficiario pueda tener derecho en el futuro.<\/p>\n<p>La percepci\u00f3n es incompatible con cualquier otra prestaci\u00f3n del sistema de Seguridad Social<\/p>\n<p><b>CUANT\u00cdA DE LA PRESTACI\u00d3N<\/b><\/p>\n<p>La cuant\u00eda a percibir ser\u00e1 el 70% de la base reguladora. Cuando no se acredite el periodo m\u00ednimo de cotizaci\u00f3n (1) para tener derecho a la prestaci\u00f3n la cuant\u00eda ser\u00e1 el 70% de la Base M\u00ednima de cotizaci\u00f3n.<\/p>\n<p align=\"justify\">(1)\u00a0 La base reguladora de esta \u00a0prestaci\u00f3n econ\u00f3mica por cese de actividad ser\u00e1 el promedio de las bases por las que se hubiere cotizado durante los doce meses continuados e inmediatamente anteriores a la situaci\u00f3n legal de cese; dada lo extraordinario de la medida si no se acreditan doce meses de cotizaci\u00f3n la cuant\u00eda ser\u00e1 el 70% \u00a0de la Base M\u00ednima de cotizaci\u00f3n<\/p>\n<p>\u00a0<b>REQUISITOS<\/b>:<\/p>\n<p>1.\u00a0\u00a0\u00a0 Estar afiliados y en alta en la fecha de la declaraci\u00f3n del estado de alarma.<\/p>\n<p>2.\u00a0\u00a0\u00a0 Si la actividad no se ve directamente suspendida, tiene que acreditar la reducci\u00f3n de su facturaci\u00f3n al menos un 75% respecto al semestre anterior. Si el \/la trabajador\/a aut\u00f3nomo\/a no \u00a0lleva ni seis meses ejerciendo, <b>se tendr\u00e1 en cuenta el periodo completo de actividad. <\/b><\/p>\n<p>3.\u00a0\u00a0\u00a0 Estar al corriente en el pago de deudas a la Seguridad Social. Si no se cumple esto, el \u00f3rgano gestor invitar\u00e1 al aut\u00f3nomo al pago en un plazo improrrogable de 30 d\u00edas naturales de las cuotas que deba.<\/p>\n<p><b>4.\u00a0\u00a0\u00a0 Acreditaci\u00f3n de la reducci\u00f3n de ingresos en la solicitud del cese temporal de actividad<\/b><\/p>\n<p align=\"justify\">\u00b7\u00a0\u00a0\u00a0\u00a0\u00a0\u00a0\u00a0\u00a0\u00a0\u00a0 La acreditaci\u00f3n de la reducci\u00f3n de la facturaci\u00f3n se realizar\u00e1 mediante la aportaci\u00f3n de la informaci\u00f3n contable que lo justifique, pudiendo hacerse a trav\u00e9s de la copia del libro de registro de facturas emitidas y recibidas; del libro diario de ingresos y gastos; del libro registro de ventas e ingresos; o del libro de compras y gastos.<\/p>\n<p align=\"left\">\u00a0\u00b7\u00a0\u00a0\u00a0\u00a0\u00a0\u00a0\u00a0\u00a0\u00a0\u00a0 Aquellos trabajadores aut\u00f3nomos que no est\u00e9n obligados a llevar los libros que acreditan el volumen de actividad, deber\u00e1n acreditar la reducci\u00f3n al menos del 75% exigida por cualquier medio de prueba admitido en derecho.<\/p>\n<p align=\"left\">\u00a0\u00b7\u00a0\u00a0\u00a0\u00a0\u00a0\u00a0\u00a0\u00a0\u00a0\u00a0 Toda solicitud deber\u00e1 ir acompa\u00f1ada de una declaraci\u00f3n jurada en la que se haga constar que cumplen todos los requisitos exigidos para causar derecho a esta prestaci\u00f3n.<\/p>\n<p align=\"left\">\u00a0\u00b7\u00a0\u00a0\u00a0\u00a0\u00a0\u00a0\u00a0\u00a0\u00a0\u00a0 Cuando el trabajador aut\u00f3nomo no lleve de alta los seis meses naturales exigidos para acreditar la reducci\u00f3n de los ingresos, la valoraci\u00f3n se llevar\u00e1 a cabo teniendo en cuenta el periodo de actividad.<\/p>\n<p align=\"left\">\u00a0<b>TRAMITACI\u00d3N<\/b><\/p>\n<ul type=\"disc\">\n<li>\n<p align=\"left\"><u>La gesti\u00f3n de la prestaci\u00f3n corresponde a la Mutua<\/u>.<\/p>\n<\/li>\n<li>\n<p align=\"left\"><u>No hay que pagar la cuota de aut\u00f3nomo en este caso excepcional<\/u><\/p>\n<\/li>\n<li>\n<p align=\"left\"><u>No hay que darse de baja ni en Seguridad Social ni en Hacienda Foral.<\/u><\/p>\n<\/li>\n<\/ul>\n<p align=\"left\">\u00a0<b>COMPATIBILIDAD CON LA TARIFA PLANA<\/b><\/p>\n<p align=\"left\">Aquellas personas que se est\u00e1n beneficiando de la Tarifa Plana pueden seguir disfrutando de la misma.<\/p>\n<p align=\"left\"><b>RESUMEN y RECOMENDACIONES<\/b><\/p>\n<p align=\"left\">Si se puede demostrar una ca\u00edda de facturaci\u00f3n del 75% del mes anterior a la fecha de cese, respecto de la media del semestre anterior, se podr\u00eda pedir la prestaci\u00f3n.<\/p>\n<p align=\"left\">Para ello es recomendable que la solicitud de cese sea con fecha de 01\/04\/2020, para que el mes a tener en cuenta para el c\u00f3mputo sea Marzo (mes de ca\u00edda de facturaci\u00f3n relevante) y haya menos problemas con la acreditaci\u00f3n de ca\u00edda de ventas.<\/p>\n<p align=\"left\"><u>Ponerse en contacto con la Mutua<\/u>, y comunicarles que vas a cesar la actividad en Abril por ca\u00edda de ventas, para que te indiquen la documentaci\u00f3n que debes enviarles. La Mutua se encarga de tramitar la solicitud ante la Seguridad social.<\/p>\n<p align=\"left\">En este enlace de la sede electr\u00f3nica de la Seguridad social se puede obtener la copia de la resoluci\u00f3n de alta en el R\u00e9gimen de aut\u00f3nomos \u00a0en la qu\u00e9 se puede ver la Mutua a la \u00a0que se est\u00e1 adscrito por si alguien lo desconoce.<\/p>\n<p align=\"left\"><a href=\"https:\/\/mail.irun.org\/owa\/redir.aspx?C=6d50f395b1a84a0191c58f256cbf528c&amp;URL=https%3A%2F%2Fsede.seg-social.gob.es%2Fwps%2Fportal%2Fsede%2Fsede%2FEmpresasyProfesionales%2FEmpresasyProfDetalle%2F!ut%2Fp%2Fz1%2FpVNNc9owEP0r5OCj2ZVkjN2bk2EgFMoQoGBfMv6QjFJsObaKw7-vTHpoZ4oznei2q7fat2-fIIIDRGV8lnmspSrjk4nDyH1mxHWIj2QxxccJBrvl153P1my6ZvAdIojSUlf6CGHDM_6cqlLzUmaqsbBLWMiLquZNbGJZClUXvBlcBimvtRQyja9AipQ5fvdWlcoMQppk3BeJsGlGYttxsrGduJTaQmSJGLlu7HEf9n3k0EeI-rm_1-ONE3xYP-8FBKNOPVovH5a5GSvWR7sbHw43RIADkltXoWE6_qMTuXcwIKutS2cTgisX9mfJW9iVptpsbfOfQs7wd4fRykMyR7pAd-lh4K83u8U3wqZIP9lh_pGWRir58voaBcZNnYHeNBw-bad9x7J_Rb2Aq4eugB6TmNHyk0reP0tQJswz66654DWvhz9rkz5qXTVfLLSwbdthrlR-4sNUFRb-q-SoGjP730jY8AaqovDYRdpRaIfzc9tuRbG3fzx5F3Y658Hd3S-rpk_i%2Fdz%2Fd5%2FL2dBISEvZ0FBIS9nQSEh%2F\" target=\"_blank\" rel=\"noopener\">Duplicado de resoluci\u00f3n alta\/baja en R\u00e9gimen Especial de trabajadores por cuenta propia o aut\u00f3nomos<\/a><\/p>\n<p align=\"left\"><b>M\u00c1S INFORMACI\u00d3N<\/b><\/p>\n<p align=\"left\"><a href=\"http:\/\/www.seg-social.es\/wps\/portal\/wss\/internet\/InformacionUtil\/44539\/2571\">seg-social\/ceseactividad<\/a><\/p>\n<p align=\"left\"><a href=\"https:\/\/prevencion.fremap.es\/Doc%20VARIOS\/Noticias\/criterio%205-2020.pdf\">CRITERIO 5\/2020 SOBRE LA APLICACI\u00d3N DEL ART\u00cdCULO DIECISIETE DEL REAL DECRETO-LEY 8\/2020, DE 17 DE MARZO, DE MEDIDAS URGENTES EXTRAORDINARIAS P ARA HACER FRENTE AL IMPACTO ECON\u00d3MICO Y SOCIAL DEL COVID-19 (pdf)<\/a><\/p>\n<p><a href=\"https:\/\/www.sepe.es\/HomeSepe\/autonomos\/cese-actividad\">\/HomeSepe\/autonomos\/cese-actividad<\/a><\/p>\n","protected":false},"excerpt":{"rendered":"<p>PRESTACI\u00d3N EXTRAORDINARIA POR CESE DE ACTIVIDAD PARA TRABAJADORES\/AS AUTONOMAS\/AS AFECTADOS POR DECLARACI\u00d3N DEL ESTADO DE ALARMA \u00bfQU\u00c9 PERSONAS TIENEN DERECHO A LA PRESTACI\u00d3N POR CESE TEMPORAL DE ACTIVIDAD? Los trabajadores aut\u00f3nomos, tambi\u00e9n los aut\u00f3nomos societarios, cuyas actividades hayan quedado suspendidas seg\u00fan lo establecido en el art\u00edculo 10 del Real Decreto 463\/2020, de 14 de marzo&#8230;<\/p>\n","protected":false},"author":1,"featured_media":0,"comment_status":"open","ping_status":"open","sticky":false,"template":"","format":"standard","meta":{"_acf_changed":false,"_seopress_robots_primary_cat":"","_seopress_titles_title":"","_seopress_titles_desc":"","_seopress_robots_index":"","footnotes":""},"categories":[4382],"tags":[],"class_list":["post-34760","post","type-post","status-publish","format-standard","hentry","category-sailkatu-gabea"],"acf":[],"_links":{"self":[{"href":"https:\/\/www.ideiakbizirik.com\/eu\/wp-json\/wp\/v2\/posts\/34760","targetHints":{"allow":["GET"]}}],"collection":[{"href":"https:\/\/www.ideiakbizirik.com\/eu\/wp-json\/wp\/v2\/posts"}],"about":[{"href":"https:\/\/www.ideiakbizirik.com\/eu\/wp-json\/wp\/v2\/types\/post"}],"author":[{"embeddable":true,"href":"https:\/\/www.ideiakbizirik.com\/eu\/wp-json\/wp\/v2\/users\/1"}],"replies":[{"embeddable":true,"href":"https:\/\/www.ideiakbizirik.com\/eu\/wp-json\/wp\/v2\/comments?post=34760"}],"version-history":[{"count":0,"href":"https:\/\/www.ideiakbizirik.com\/eu\/wp-json\/wp\/v2\/posts\/34760\/revisions"}],"wp:attachment":[{"href":"https:\/\/www.ideiakbizirik.com\/eu\/wp-json\/wp\/v2\/media?parent=34760"}],"wp:term":[{"taxonomy":"category","embeddable":true,"href":"https:\/\/www.ideiakbizirik.com\/eu\/wp-json\/wp\/v2\/categories?post=34760"},{"taxonomy":"post_tag","embeddable":true,"href":"https:\/\/www.ideiakbizirik.com\/eu\/wp-json\/wp\/v2\/tags?post=34760"}],"curies":[{"name":"wp","href":"https:\/\/api.w.org\/{rel}","templated":true}]}}