{"id":34766,"date":"2020-03-25T07:49:53","date_gmt":"2020-03-25T06:49:53","guid":{"rendered":"https:\/\/www.ideiakbizirik.com\/2020\/03\/25\/covid-19-alarma-egoeraren-aurrean-lotutako-informazioa\/"},"modified":"2020-03-25T07:49:53","modified_gmt":"2020-03-25T07:49:53","slug":"covid-19-alarma-egoeraren-aurrean-lotutako-informazioa","status":"publish","type":"post","link":"https:\/\/www.ideiakbizirik.com\/eu\/2020\/03\/25\/covid-19-alarma-egoeraren-aurrean-lotutako-informazioa\/","title":{"rendered":"COVID-19 alarma-egoeraren aurrean lotutako informazioa"},"content":{"rendered":"<p><img decoding=\"async\" class=\"aligncenter\" src=\"https:\/\/www.bidasoa-activa.com\/images\/COVID\/portada-covid.jpg\" width=\"314\" height=\"222\" \/><\/p>\n<p><span style=\"font-size: medium;\">Koronabirusak eragindako egoera ikusita, eta, horren ondorioz, jendeari aurrez aurreko arreta emateko gure zerbitzuak eten egin direnez, beste abisu bat eman arte, Bidasoa bizirikek albiste interesgarriak ematen jarraituko du bere <a href=\"https:\/\/www.bidasoa-activa.com\/\">webgunearen <\/a>bidez. Ahal izanez gero, <a href=\"mailto:enpresak@bidasoa-activa.com\">enpresak@bidasoa-activa.com<\/a> eta <a href=\"mailto:ekintzailetza@bidasoa-activa.com\">ekintzailetza@bidasoa-activa.com<\/a> mezuen bidez jar gaitezke harremanetan.<\/span><!--more--><\/p>\n<h2>Crisis Sanitaria COVID-19<\/h2>\n<h3>Bolet\u00edn Oficial del Estado<\/h3>\n<p><img decoding=\"async\" src=\"https:\/\/www.bidasoa-activa.com\/images\/COVID\/boe.jpg\" width=\"369\" height=\"261\" \/><\/p>\n<div class=\"nota\">\n<div class=\"enlacesInteres\">\n<ul>\n<li><strong><a href=\"https:\/\/www.boe.es\/biblioteca_juridica\/codigos\/abrir_pdf.php?fich=355_Crisis_Sanitaria_COVID-19.pdf\" target=\"_blank\" rel=\"external noopener\">Acceso a la informaci\u00f3n<\/a><\/strong><\/li>\n<\/ul>\n<\/div>\n<\/div>\n<h3>Diputaci\u00f3n Foral de Gipuzkoa<\/h3>\n<p><img decoding=\"async\" src=\"https:\/\/www.bidasoa-activa.com\/images\/COVID\/guia.jpg\" width=\"357\" height=\"253\" \/><\/p>\n<div class=\"nota\">\n<div class=\"enlacesInteres\">\n<ul>\n<li><strong><a href=\"https:\/\/www.gipuzkoa.eus\/es\/\" target=\"_blank\" rel=\"external noopener\">Acceso a la informaci\u00f3n<\/a><\/strong><\/li>\n<\/ul>\n<\/div>\n<\/div>\n<h3>Direcci\u00f3n de Comercio del Departamento de Turismo, Comercio y Consumo del Gobierno Vasco<\/h3>\n<p><img decoding=\"async\" src=\"https:\/\/www.bidasoa-activa.com\/images\/COVID\/dir.-com.jpg\" width=\"348\" height=\"246\" \/><\/p>\n<div class=\"nota\">\n<div class=\"enlacesInteres\">\n<ul>\n<li><strong><a href=\"https:\/\/www.irekia.euskadi.eus\/es\/news\/61023-euskadi-participado-hoy-comision-sectorial-comercio-que-han-detallado-las-medidas-apoyo-sector-crisis-del-covid\" target=\"_blank\" rel=\"external noopener\">Acceso a la informaci\u00f3n<\/a><\/strong><\/li>\n<\/ul>\n<\/div>\n<\/div>\n<h3>Lanbide<\/h3>\n<p><img decoding=\"async\" src=\"https:\/\/www.bidasoa-activa.com\/images\/COVID\/landibe.jpg\" width=\"360\" height=\"255\" \/><\/p>\n<p>Se ha suspendido la Atenci\u00f3n Presencial en las Oficinas de Lanbide y recomendamos la utilizaci\u00f3n de la Web y Mi Lanbidenet para evitar la saturaci\u00f3n de los tel\u00e9fonos de atenci\u00f3n.<\/p>\n<div class=\"nota\">\n<div class=\"enlacesInteres\">\n<ul>\n<li><strong><a href=\"https:\/\/www.lanbide.euskadi.eus\/general\/-\/medidas-excepcionales-de-atencion-al-usuarioa-en-oficinas-para-reducir-la-acumulacion-de-personas\/\" target=\"_blank\" rel=\"external noopener\">Acceso a la informaci\u00f3n<\/a><\/strong><\/li>\n<\/ul>\n<\/div>\n<\/div>\n<h3>Ministerio de Trabajo y Econom\u00eda Social<\/h3>\n<p>La Inspecci\u00f3n de Trabajo y Seguridad Social crea una <strong>Unidad de Gesti\u00f3n espec\u00edfica para afrontar la incidencia del Covid-19<\/strong> en el \u00e1mbito laboral.<\/p>\n<p><img decoding=\"async\" src=\"https:\/\/www.bidasoa-activa.com\/images\/COVID\/comision.jpg\" width=\"348\" height=\"246\" \/><\/p>\n<div class=\"nota\">\n<div class=\"enlacesInteres\">\n<ul>\n<li><strong><a href=\"http:\/\/www.mitramiss.gob.es\/\" target=\"_blank\" rel=\"external noopener\">Acceso a la informaci\u00f3n<\/a><\/strong><\/li>\n<\/ul>\n<\/div>\n<\/div>\n<p>Informaci\u00f3n sobre la presentaci\u00f3n de expedientes de regulaci\u00f3n temporal de empleo <strong>(ERTE) por fuerza mayor por causa del COVID-19<\/strong> en el Ministerio de Trabajo y Econom\u00eda Social.<\/p>\n<p><img decoding=\"async\" src=\"https:\/\/www.bidasoa-activa.com\/images\/COVID\/erte.jpg\" width=\"362\" height=\"256\" \/><\/p>\n<div class=\"nota\">\n<div class=\"enlacesInteres\">\n<ul>\n<li><strong><a href=\"https:\/\/www.bidasoa-activa.com\/images\/COVID\/erte.pdf\" target=\"_blank\" rel=\"external noopener\">Acceso a la informaci\u00f3n<\/a><\/strong><\/li>\n<\/ul>\n<\/div>\n<\/div>\n<p><img decoding=\"async\" src=\"https:\/\/www.bidasoa-activa.com\/images\/COVID\/once.jpg\" width=\"386\" height=\"273\" \/><\/p>\n<div class=\"nota\">\n<div class=\"enlacesInteres\">\n<ul>\n<li><strong><a href=\"https:\/\/www.bidasoa-activa.com\/images\/COVID\/once.pdf\" target=\"_blank\" rel=\"external noopener\">Acceso a la informaci\u00f3n<\/a><\/strong><\/li>\n<\/ul>\n<\/div>\n<\/div>\n<p>Gu\u00eda para la actuaci\u00f3n en el \u00e1mbito laboral en relaci\u00f3n con el nuevo coronavirus<\/p>\n<p><img decoding=\"async\" src=\"https:\/\/www.bidasoa-activa.com\/images\/COVID\/laboral.jpg\" width=\"390\" height=\"276\" \/><\/p>\n<div class=\"nota\">\n<div class=\"enlacesInteres\">\n<ul>\n<li><strong><a href=\"https:\/\/www.bidasoa-activa.com\/images\/COVID\/guia.pdf\" target=\"_blank\" rel=\"external noopener\">Acceso a la informaci\u00f3n<\/a><\/strong><\/li>\n<\/ul>\n<\/div>\n<\/div>\n<p>Gu\u00eda sobre medidas laborales excepcionales contra el COVID-19 aprobadas por el Real Decreto-Ley 8\/2020<\/p>\n<p><img decoding=\"async\" src=\"https:\/\/www.bidasoa-activa.com\/images\/COVID\/medidas.jpg\" width=\"362\" height=\"256\" \/><\/p>\n<div class=\"nota\">\n<div class=\"enlacesInteres\">\n<ul>\n<li><strong><a href=\"https:\/\/www.bidasoa-activa.com\/images\/COVID\/medidas.pdf\" target=\"_blank\" rel=\"external noopener\">Acceso a la informaci\u00f3n<\/a><\/strong><\/li>\n<\/ul>\n<\/div>\n<\/div>\n<h3>Ministerio de Inclusi\u00f3n, Seguridad Social y Migraciones<\/h3>\n<p>Gu\u00eda con las preguntas m\u00e1s frecuentes sobre las medidas adoptadas por el Ministerio de Inclusi\u00f3n, Seguridad Social y Migraciones.<\/p>\n<p><img decoding=\"async\" src=\"https:\/\/www.bidasoa-activa.com\/images\/COVID\/seguridad-social.jpg\" width=\"360\" height=\"254\" \/><\/p>\n<div class=\"nota\">\n<div class=\"enlacesInteres\">\n<ul>\n<li><strong><a href=\"https:\/\/www.bidasoa-activa.com\/images\/COVID\/seguridad-social.pdf\" target=\"_blank\" rel=\"external noopener\">Acceso a la informaci\u00f3n<\/a><\/strong><\/li>\n<\/ul>\n<\/div>\n<\/div>\n<p>Le trasladamos que durante la jornada de hoy podr\u00e1 visualizarse en la web de la Seguridad Social un apartado con preguntas m\u00e1s frecuentes a trav\u00e9s de las cuales se va a faciltar informaci\u00f3n relativa a las medidas adoptadas en materia de Seguridad Social como consecuencia del COVID-19<\/p>\n<p>Podr\u00e1 acceder a esta informaci\u00f3n a trav\u00e9s de un enlace disponible en el apartado COVID-19 que est\u00e1 en la secci\u00f3n de Avisos RED, dentro de Sistema RED, de la web de la Segurida Social.<\/p>\n<p>Asimismo, le recordamos que en la citada secci\u00f3n COVID-19 puede localizar toda la informaci\u00f3n para los usuarios RED. Esta informaci\u00f3n ir\u00e1 actualiz\u00e1ndose oportunamente.<\/p>\n<p>Tambi\u00e9n nos puede contactar a trav\u00e9s del <strong>tel\u00e9fono<\/strong> <strong>94350960<\/strong>0 o preferiblemente a trav\u00e9s de los emails: <a href=\"mailto:enpresak@bidasoa-activa.com\">enpresak@bidasoa-activa.com<\/a>\u00a0y\u00a0 <a href=\"mailto:ekintzailetza@bidasoa-activa.com\">ekintzailetza@bidasoa-activa.com<\/a><\/p>\n","protected":false},"excerpt":{"rendered":"<p>Koronabirusak eragindako egoera ikusita, eta, horren ondorioz, jendeari aurrez aurreko arreta emateko gure zerbitzuak eten egin direnez, beste abisu bat eman arte, Bidasoa bizirikek albiste interesgarriak ematen jarraituko du bere webgunearen bidez. Ahal izanez gero, enpresak@bidasoa-activa.com eta ekintzailetza@bidasoa-activa.com mezuen bidez jar gaitezke harremanetan.<\/p>\n","protected":false},"author":1,"featured_media":0,"comment_status":"open","ping_status":"open","sticky":false,"template":"","format":"standard","meta":{"_acf_changed":false,"_seopress_robots_primary_cat":"","_seopress_titles_title":"","_seopress_titles_desc":"","_seopress_robots_index":"","footnotes":""},"categories":[4382],"tags":[],"class_list":["post-34766","post","type-post","status-publish","format-standard","hentry","category-sailkatu-gabea"],"acf":[],"_links":{"self":[{"href":"https:\/\/www.ideiakbizirik.com\/eu\/wp-json\/wp\/v2\/posts\/34766","targetHints":{"allow":["GET"]}}],"collection":[{"href":"https:\/\/www.ideiakbizirik.com\/eu\/wp-json\/wp\/v2\/posts"}],"about":[{"href":"https:\/\/www.ideiakbizirik.com\/eu\/wp-json\/wp\/v2\/types\/post"}],"author":[{"embeddable":true,"href":"https:\/\/www.ideiakbizirik.com\/eu\/wp-json\/wp\/v2\/users\/1"}],"replies":[{"embeddable":true,"href":"https:\/\/www.ideiakbizirik.com\/eu\/wp-json\/wp\/v2\/comments?post=34766"}],"version-history":[{"count":0,"href":"https:\/\/www.ideiakbizirik.com\/eu\/wp-json\/wp\/v2\/posts\/34766\/revisions"}],"wp:attachment":[{"href":"https:\/\/www.ideiakbizirik.com\/eu\/wp-json\/wp\/v2\/media?parent=34766"}],"wp:term":[{"taxonomy":"category","embeddable":true,"href":"https:\/\/www.ideiakbizirik.com\/eu\/wp-json\/wp\/v2\/categories?post=34766"},{"taxonomy":"post_tag","embeddable":true,"href":"https:\/\/www.ideiakbizirik.com\/eu\/wp-json\/wp\/v2\/tags?post=34766"}],"curies":[{"name":"wp","href":"https:\/\/api.w.org\/{rel}","templated":true}]}}